{"id":140262,"date":"2023-02-28T23:26:40","date_gmt":"2023-02-28T23:26:40","guid":{"rendered":"https:\/\/www.infopiniones.com\/ecuador\/sin-categoria\/centro-de-capacitacion-lideres-ecuador-liderecuador-s-a\/"},"modified":"2023-02-28T23:26:40","modified_gmt":"2023-02-28T23:26:40","slug":"centro-de-capacitacion-lideres-ecuador-liderecuador-s-a","status":"publish","type":"post","link":"https:\/\/www.infopiniones.com\/ecuador\/guayas\/centro-de-capacitacion-lideres-ecuador-liderecuador-s-a\/","title":{"rendered":"CENTRO DE CAPACITACION LIDERES ECUADOR LIDERECUADOR S.A."},"content":{"rendered":"","protected":false},"excerpt":{"rendered":"","protected":false},"author":1,"featured_media":0,"comment_status":"open","ping_status":"open","sticky":false,"template":"","format":"standard","meta":{"footnotes":""},"categories":[11,10],"tags":[],"class_list":["post-140262","post","type-post","status-publish","format-standard","hentry","category-guayaquil","category-guayas"],"yoast_head":"<!-- This site is optimized with the Yoast SEO plugin v26.2 - https:\/\/yoast.com\/wordpress\/plugins\/seo\/ -->\n<title>CENTRO DE CAPACITACION LIDERES ECUADOR LIDERECUADOR S.A.: Informaci\u00f3n, opiniones y contacto<\/title>\n<meta name=\"description\" content=\"CENTRO DE CAPACITACION LIDERES ECUADOR LIDERECUADOR S.A.: Informaci\u00f3n, opiniones y contacto. Tambi\u00e9n puedes encontrar otras empresas que ofrezcan servicios similares a CENTRO DE CAPACITACION LIDERES ECUADOR LIDERECUADOR S.A. para que puedas comparar y elegir la mejor opci\u00f3n para ti. En Infopiniones, nos aseguramos de que tengas toda la informaci\u00f3n sobre CENTRO DE CAPACITACION LIDERES ECUADOR LIDERECUADOR S.A. que necesitas para tomar la mejor decisi\u00f3n.\" \/>\n<meta name=\"robots\" content=\"index, follow, max-snippet:-1, max-image-preview:large, max-video-preview:-1\" \/>\n<link rel=\"canonical\" href=\"https:\/\/www.infopiniones.com\/ecuador\/guayas\/centro-de-capacitacion-lideres-ecuador-liderecuador-s-a\/\" \/>\n<meta property=\"og:locale\" content=\"es_ES\" \/>\n<meta property=\"og:type\" content=\"article\" \/>\n<meta property=\"og:title\" content=\"CENTRO DE CAPACITACION LIDERES ECUADOR LIDERECUADOR S.A.: Informaci\u00f3n, opiniones y contacto\" \/>\n<meta property=\"og:description\" content=\"CENTRO DE CAPACITACION LIDERES ECUADOR LIDERECUADOR S.A.: Informaci\u00f3n, opiniones y contacto. Tambi\u00e9n puedes encontrar otras empresas que ofrezcan servicios similares a CENTRO DE CAPACITACION LIDERES ECUADOR LIDERECUADOR S.A. para que puedas comparar y elegir la mejor opci\u00f3n para ti. En Infopiniones, nos aseguramos de que tengas toda la informaci\u00f3n sobre CENTRO DE CAPACITACION LIDERES ECUADOR LIDERECUADOR S.A. que necesitas para tomar la mejor decisi\u00f3n.\" \/>\n<meta property=\"og:url\" content=\"https:\/\/www.infopiniones.com\/ecuador\/guayas\/centro-de-capacitacion-lideres-ecuador-liderecuador-s-a\/\" \/>\n<meta property=\"og:site_name\" content=\"Informaci\u00f3n y opiniones de empresas de Ecuador\" \/>\n<meta property=\"article:published_time\" content=\"2023-02-28T23:26:40+00:00\" \/>\n<meta property=\"og:image\" content=\"https:\/\/www.infopiniones.com\/ecuador\/wp-content\/uploads\/2023\/03\/banner-1.png\" \/>\n\t<meta property=\"og:image:width\" content=\"1200\" \/>\n\t<meta property=\"og:image:height\" content=\"628\" \/>\n\t<meta property=\"og:image:type\" content=\"image\/png\" \/>\n<meta name=\"author\" content=\"infopiniones\" \/>\n<meta name=\"twitter:card\" content=\"summary_large_image\" \/>\n<meta name=\"twitter:label1\" content=\"Escrito por\" \/>\n\t<meta name=\"twitter:data1\" content=\"infopiniones\" \/>\n<script type=\"application\/ld+json\" class=\"yoast-schema-graph\">{\"@context\":\"https:\/\/schema.org\",\"@graph\":[{\"@type\":\"Article\",\"@id\":\"https:\/\/www.infopiniones.com\/ecuador\/guayas\/centro-de-capacitacion-lideres-ecuador-liderecuador-s-a\/#article\",\"isPartOf\":{\"@id\":\"https:\/\/www.infopiniones.com\/ecuador\/guayas\/centro-de-capacitacion-lideres-ecuador-liderecuador-s-a\/\"},\"author\":{\"name\":\"infopiniones\",\"@id\":\"https:\/\/www.infopiniones.com\/ecuador\/#\/schema\/person\/1dbed223f15b644309c8017d10033175\"},\"headline\":\"CENTRO DE CAPACITACION LIDERES ECUADOR LIDERECUADOR S.A.\",\"datePublished\":\"2023-02-28T23:26:40+00:00\",\"mainEntityOfPage\":{\"@id\":\"https:\/\/www.infopiniones.com\/ecuador\/guayas\/centro-de-capacitacion-lideres-ecuador-liderecuador-s-a\/\"},\"wordCount\":8,\"commentCount\":0,\"publisher\":{\"@id\":\"https:\/\/www.infopiniones.com\/ecuador\/#organization\"},\"articleSection\":[\"Guayaquil\",\"Guayas\"],\"inLanguage\":\"es\",\"potentialAction\":[{\"@type\":\"CommentAction\",\"name\":\"Comment\",\"target\":[\"https:\/\/www.infopiniones.com\/ecuador\/guayas\/centro-de-capacitacion-lideres-ecuador-liderecuador-s-a\/#respond\"]}]},{\"@type\":\"WebPage\",\"@id\":\"https:\/\/www.infopiniones.com\/ecuador\/guayas\/centro-de-capacitacion-lideres-ecuador-liderecuador-s-a\/\",\"url\":\"https:\/\/www.infopiniones.com\/ecuador\/guayas\/centro-de-capacitacion-lideres-ecuador-liderecuador-s-a\/\",\"name\":\"CENTRO DE CAPACITACION LIDERES ECUADOR LIDERECUADOR S.A.: Informaci\u00f3n, opiniones y contacto\",\"isPartOf\":{\"@id\":\"https:\/\/www.infopiniones.com\/ecuador\/#website\"},\"datePublished\":\"2023-02-28T23:26:40+00:00\",\"description\":\"CENTRO DE CAPACITACION LIDERES ECUADOR LIDERECUADOR S.A.: Informaci\u00f3n, opiniones y contacto. Tambi\u00e9n puedes encontrar otras empresas que ofrezcan servicios similares a CENTRO DE CAPACITACION LIDERES ECUADOR LIDERECUADOR S.A. para que puedas comparar y elegir la mejor opci\u00f3n para ti. En Infopiniones, nos aseguramos de que tengas toda la informaci\u00f3n sobre CENTRO DE CAPACITACION LIDERES ECUADOR LIDERECUADOR S.A. que necesitas para tomar la mejor decisi\u00f3n.\",\"breadcrumb\":{\"@id\":\"https:\/\/www.infopiniones.com\/ecuador\/guayas\/centro-de-capacitacion-lideres-ecuador-liderecuador-s-a\/#breadcrumb\"},\"inLanguage\":\"es\",\"potentialAction\":[{\"@type\":\"ReadAction\",\"target\":[\"https:\/\/www.infopiniones.com\/ecuador\/guayas\/centro-de-capacitacion-lideres-ecuador-liderecuador-s-a\/\"]}]},{\"@type\":\"BreadcrumbList\",\"@id\":\"https:\/\/www.infopiniones.com\/ecuador\/guayas\/centro-de-capacitacion-lideres-ecuador-liderecuador-s-a\/#breadcrumb\",\"itemListElement\":[{\"@type\":\"ListItem\",\"position\":1,\"name\":\"Empresas de Ecuador\",\"item\":\"https:\/\/www.infopiniones.com\/ecuador\/\"},{\"@type\":\"ListItem\",\"position\":2,\"name\":\"Guayas\",\"item\":\"https:\/\/www.infopiniones.com\/ecuador\/guayas\/\"},{\"@type\":\"ListItem\",\"position\":3,\"name\":\"Guayaquil\",\"item\":\"https:\/\/www.infopiniones.com\/ecuador\/guayas\/guayaquil\/\"},{\"@type\":\"ListItem\",\"position\":4,\"name\":\"CENTRO DE CAPACITACION LIDERES ECUADOR LIDERECUADOR S.A.\"}]},{\"@type\":\"WebSite\",\"@id\":\"https:\/\/www.infopiniones.com\/ecuador\/#website\",\"url\":\"https:\/\/www.infopiniones.com\/ecuador\/\",\"name\":\"Infopiniones Ecuador: Informaci\u00f3n y opiniones de empresas\",\"description\":\"Informaci\u00f3n y opiniones de Empresas de Ecuador\",\"publisher\":{\"@id\":\"https:\/\/www.infopiniones.com\/ecuador\/#organization\"},\"alternateName\":\"Infopiniones\",\"potentialAction\":[{\"@type\":\"SearchAction\",\"target\":{\"@type\":\"EntryPoint\",\"urlTemplate\":\"https:\/\/www.infopiniones.com\/ecuador\/?s={search_term_string}\"},\"query-input\":{\"@type\":\"PropertyValueSpecification\",\"valueRequired\":true,\"valueName\":\"search_term_string\"}}],\"inLanguage\":\"es\"},{\"@type\":\"Organization\",\"@id\":\"https:\/\/www.infopiniones.com\/ecuador\/#organization\",\"name\":\"Infopiniones Ecuador - Informaci\u00f3n y opiniones de empresas\",\"alternateName\":\"Infopiniones Ecuador - Informaci\u00f3n y opiniones de empresas\",\"url\":\"https:\/\/www.infopiniones.com\/ecuador\/\",\"logo\":{\"@type\":\"ImageObject\",\"inLanguage\":\"es\",\"@id\":\"https:\/\/www.infopiniones.com\/ecuador\/#\/schema\/logo\/image\/\",\"url\":\"https:\/\/www.infopiniones.com\/ecuador\/wp-content\/uploads\/2023\/03\/banner2.png\",\"contentUrl\":\"https:\/\/www.infopiniones.com\/ecuador\/wp-content\/uploads\/2023\/03\/banner2.png\",\"width\":628,\"height\":628,\"caption\":\"Infopiniones Ecuador - Informaci\u00f3n y opiniones de empresas\"},\"image\":{\"@id\":\"https:\/\/www.infopiniones.com\/ecuador\/#\/schema\/logo\/image\/\"}},{\"@type\":\"Person\",\"@id\":\"https:\/\/www.infopiniones.com\/ecuador\/#\/schema\/person\/1dbed223f15b644309c8017d10033175\",\"name\":\"infopiniones\",\"image\":{\"@type\":\"ImageObject\",\"inLanguage\":\"es\",\"@id\":\"https:\/\/www.infopiniones.com\/ecuador\/#\/schema\/person\/image\/\",\"url\":\"https:\/\/secure.gravatar.com\/avatar\/183b9b52bcfc3ec4d1897d51f5038436154c390e313050d0b9752b1384454eac?s=96&d=mm&r=g\",\"contentUrl\":\"https:\/\/secure.gravatar.com\/avatar\/183b9b52bcfc3ec4d1897d51f5038436154c390e313050d0b9752b1384454eac?s=96&d=mm&r=g\",\"caption\":\"infopiniones\"},\"sameAs\":[\"https:\/\/www.infopiniones.com\/ecuador\"]}]}<\/script>\n<!-- \/ Yoast SEO plugin. -->","yoast_head_json":{"title":"CENTRO DE CAPACITACION LIDERES ECUADOR LIDERECUADOR S.A.: Informaci\u00f3n, opiniones y contacto","description":"CENTRO DE CAPACITACION LIDERES ECUADOR LIDERECUADOR S.A.: Informaci\u00f3n, opiniones y contacto. Tambi\u00e9n puedes encontrar otras empresas que ofrezcan servicios similares a CENTRO DE CAPACITACION LIDERES ECUADOR LIDERECUADOR S.A. para que puedas comparar y elegir la mejor opci\u00f3n para ti. En Infopiniones, nos aseguramos de que tengas toda la informaci\u00f3n sobre CENTRO DE CAPACITACION LIDERES ECUADOR LIDERECUADOR S.A. que necesitas para tomar la mejor decisi\u00f3n.","robots":{"index":"index","follow":"follow","max-snippet":"max-snippet:-1","max-image-preview":"max-image-preview:large","max-video-preview":"max-video-preview:-1"},"canonical":"https:\/\/www.infopiniones.com\/ecuador\/guayas\/centro-de-capacitacion-lideres-ecuador-liderecuador-s-a\/","og_locale":"es_ES","og_type":"article","og_title":"CENTRO DE CAPACITACION LIDERES ECUADOR LIDERECUADOR S.A.: Informaci\u00f3n, opiniones y contacto","og_description":"CENTRO DE CAPACITACION LIDERES ECUADOR LIDERECUADOR S.A.: Informaci\u00f3n, opiniones y contacto. Tambi\u00e9n puedes encontrar otras empresas que ofrezcan servicios similares a CENTRO DE CAPACITACION LIDERES ECUADOR LIDERECUADOR S.A. para que puedas comparar y elegir la mejor opci\u00f3n para ti. En Infopiniones, nos aseguramos de que tengas toda la informaci\u00f3n sobre CENTRO DE CAPACITACION LIDERES ECUADOR LIDERECUADOR S.A. que necesitas para tomar la mejor decisi\u00f3n.","og_url":"https:\/\/www.infopiniones.com\/ecuador\/guayas\/centro-de-capacitacion-lideres-ecuador-liderecuador-s-a\/","og_site_name":"Informaci\u00f3n y opiniones de empresas de Ecuador","article_published_time":"2023-02-28T23:26:40+00:00","og_image":[{"width":1200,"height":628,"url":"https:\/\/www.infopiniones.com\/ecuador\/wp-content\/uploads\/2023\/03\/banner-1.png","type":"image\/png"}],"author":"infopiniones","twitter_card":"summary_large_image","twitter_misc":{"Escrito por":"infopiniones"},"schema":{"@context":"https:\/\/schema.org","@graph":[{"@type":"Article","@id":"https:\/\/www.infopiniones.com\/ecuador\/guayas\/centro-de-capacitacion-lideres-ecuador-liderecuador-s-a\/#article","isPartOf":{"@id":"https:\/\/www.infopiniones.com\/ecuador\/guayas\/centro-de-capacitacion-lideres-ecuador-liderecuador-s-a\/"},"author":{"name":"infopiniones","@id":"https:\/\/www.infopiniones.com\/ecuador\/#\/schema\/person\/1dbed223f15b644309c8017d10033175"},"headline":"CENTRO DE CAPACITACION LIDERES ECUADOR LIDERECUADOR S.A.","datePublished":"2023-02-28T23:26:40+00:00","mainEntityOfPage":{"@id":"https:\/\/www.infopiniones.com\/ecuador\/guayas\/centro-de-capacitacion-lideres-ecuador-liderecuador-s-a\/"},"wordCount":8,"commentCount":0,"publisher":{"@id":"https:\/\/www.infopiniones.com\/ecuador\/#organization"},"articleSection":["Guayaquil","Guayas"],"inLanguage":"es","potentialAction":[{"@type":"CommentAction","name":"Comment","target":["https:\/\/www.infopiniones.com\/ecuador\/guayas\/centro-de-capacitacion-lideres-ecuador-liderecuador-s-a\/#respond"]}]},{"@type":"WebPage","@id":"https:\/\/www.infopiniones.com\/ecuador\/guayas\/centro-de-capacitacion-lideres-ecuador-liderecuador-s-a\/","url":"https:\/\/www.infopiniones.com\/ecuador\/guayas\/centro-de-capacitacion-lideres-ecuador-liderecuador-s-a\/","name":"CENTRO DE CAPACITACION LIDERES ECUADOR LIDERECUADOR S.A.: Informaci\u00f3n, opiniones y contacto","isPartOf":{"@id":"https:\/\/www.infopiniones.com\/ecuador\/#website"},"datePublished":"2023-02-28T23:26:40+00:00","description":"CENTRO DE CAPACITACION LIDERES ECUADOR LIDERECUADOR S.A.: Informaci\u00f3n, opiniones y contacto. Tambi\u00e9n puedes encontrar otras empresas que ofrezcan servicios similares a CENTRO DE CAPACITACION LIDERES ECUADOR LIDERECUADOR S.A. para que puedas comparar y elegir la mejor opci\u00f3n para ti. En Infopiniones, nos aseguramos de que tengas toda la informaci\u00f3n sobre CENTRO DE CAPACITACION LIDERES ECUADOR LIDERECUADOR S.A. que necesitas para tomar la mejor decisi\u00f3n.","breadcrumb":{"@id":"https:\/\/www.infopiniones.com\/ecuador\/guayas\/centro-de-capacitacion-lideres-ecuador-liderecuador-s-a\/#breadcrumb"},"inLanguage":"es","potentialAction":[{"@type":"ReadAction","target":["https:\/\/www.infopiniones.com\/ecuador\/guayas\/centro-de-capacitacion-lideres-ecuador-liderecuador-s-a\/"]}]},{"@type":"BreadcrumbList","@id":"https:\/\/www.infopiniones.com\/ecuador\/guayas\/centro-de-capacitacion-lideres-ecuador-liderecuador-s-a\/#breadcrumb","itemListElement":[{"@type":"ListItem","position":1,"name":"Empresas de Ecuador","item":"https:\/\/www.infopiniones.com\/ecuador\/"},{"@type":"ListItem","position":2,"name":"Guayas","item":"https:\/\/www.infopiniones.com\/ecuador\/guayas\/"},{"@type":"ListItem","position":3,"name":"Guayaquil","item":"https:\/\/www.infopiniones.com\/ecuador\/guayas\/guayaquil\/"},{"@type":"ListItem","position":4,"name":"CENTRO DE CAPACITACION LIDERES ECUADOR LIDERECUADOR S.A."}]},{"@type":"WebSite","@id":"https:\/\/www.infopiniones.com\/ecuador\/#website","url":"https:\/\/www.infopiniones.com\/ecuador\/","name":"Infopiniones Ecuador: Informaci\u00f3n y opiniones de empresas","description":"Informaci\u00f3n y opiniones de Empresas de Ecuador","publisher":{"@id":"https:\/\/www.infopiniones.com\/ecuador\/#organization"},"alternateName":"Infopiniones","potentialAction":[{"@type":"SearchAction","target":{"@type":"EntryPoint","urlTemplate":"https:\/\/www.infopiniones.com\/ecuador\/?s={search_term_string}"},"query-input":{"@type":"PropertyValueSpecification","valueRequired":true,"valueName":"search_term_string"}}],"inLanguage":"es"},{"@type":"Organization","@id":"https:\/\/www.infopiniones.com\/ecuador\/#organization","name":"Infopiniones Ecuador - Informaci\u00f3n y opiniones de empresas","alternateName":"Infopiniones Ecuador - Informaci\u00f3n y opiniones de empresas","url":"https:\/\/www.infopiniones.com\/ecuador\/","logo":{"@type":"ImageObject","inLanguage":"es","@id":"https:\/\/www.infopiniones.com\/ecuador\/#\/schema\/logo\/image\/","url":"https:\/\/www.infopiniones.com\/ecuador\/wp-content\/uploads\/2023\/03\/banner2.png","contentUrl":"https:\/\/www.infopiniones.com\/ecuador\/wp-content\/uploads\/2023\/03\/banner2.png","width":628,"height":628,"caption":"Infopiniones Ecuador - Informaci\u00f3n y opiniones de empresas"},"image":{"@id":"https:\/\/www.infopiniones.com\/ecuador\/#\/schema\/logo\/image\/"}},{"@type":"Person","@id":"https:\/\/www.infopiniones.com\/ecuador\/#\/schema\/person\/1dbed223f15b644309c8017d10033175","name":"infopiniones","image":{"@type":"ImageObject","inLanguage":"es","@id":"https:\/\/www.infopiniones.com\/ecuador\/#\/schema\/person\/image\/","url":"https:\/\/secure.gravatar.com\/avatar\/183b9b52bcfc3ec4d1897d51f5038436154c390e313050d0b9752b1384454eac?s=96&d=mm&r=g","contentUrl":"https:\/\/secure.gravatar.com\/avatar\/183b9b52bcfc3ec4d1897d51f5038436154c390e313050d0b9752b1384454eac?s=96&d=mm&r=g","caption":"infopiniones"},"sameAs":["https:\/\/www.infopiniones.com\/ecuador"]}]}},"_links":{"self":[{"href":"https:\/\/www.infopiniones.com\/ecuador\/wp-json\/wp\/v2\/posts\/140262","targetHints":{"allow":["GET"]}}],"collection":[{"href":"https:\/\/www.infopiniones.com\/ecuador\/wp-json\/wp\/v2\/posts"}],"about":[{"href":"https:\/\/www.infopiniones.com\/ecuador\/wp-json\/wp\/v2\/types\/post"}],"author":[{"embeddable":true,"href":"https:\/\/www.infopiniones.com\/ecuador\/wp-json\/wp\/v2\/users\/1"}],"replies":[{"embeddable":true,"href":"https:\/\/www.infopiniones.com\/ecuador\/wp-json\/wp\/v2\/comments?post=140262"}],"version-history":[{"count":0,"href":"https:\/\/www.infopiniones.com\/ecuador\/wp-json\/wp\/v2\/posts\/140262\/revisions"}],"wp:attachment":[{"href":"https:\/\/www.infopiniones.com\/ecuador\/wp-json\/wp\/v2\/media?parent=140262"}],"wp:term":[{"taxonomy":"category","embeddable":true,"href":"https:\/\/www.infopiniones.com\/ecuador\/wp-json\/wp\/v2\/categories?post=140262"},{"taxonomy":"post_tag","embeddable":true,"href":"https:\/\/www.infopiniones.com\/ecuador\/wp-json\/wp\/v2\/tags?post=140262"}],"curies":[{"name":"wp","href":"https:\/\/api.w.org\/{rel}","templated":true}]}}